[{"@context":"https:\/\/schema.org\/","@type":"Article","@id":"https:\/\/www.elgon.cz\/kam-si-sedneme\/#Article","mainEntityOfPage":"https:\/\/www.elgon.cz\/kam-si-sedneme\/","headline":"Kam si sedneme?","name":"Kam si sedneme?","description":"Ano, nen\u00ed rozhodn\u011b jedno, kam si sedneme, ale nemus\u00ed to b\u00fdt jenom a nutn\u011b na klasick\u00e9 sedac\u00ed z\u00e1le\u017eitosti! Necht\u011bli byste zm\u011bnu, necht\u011bli byste vpustit kone\u010dn\u011b trochu sv\u011b\u017e\u00edho v\u011btru do interi\u00e9ru? Necht\u011bli byste \u017e\u00edt barevn\u011b a tak n\u011bjak jinak? M\u00e1te skv\u011blou p\u0159\u00edle\u017eitost d\u00edky modern\u00edm kousk\u016fm, kter\u00e9 pr\u00e1v\u011b te\u010f p\u0159edstavujeme. Sedac\u00ed vaky levn\u011b, to je to prav\u00e9 [&hellip;]","datePublished":"2019-10-04","dateModified":"2023-05-03","author":{"@type":"Person","@id":"https:\/\/www.elgon.cz\/author\/devene\/#Person","name":"devene","url":"https:\/\/www.elgon.cz\/author\/devene\/","identifier":1,"image":{"@type":"ImageObject","@id":"https:\/\/secure.gravatar.com\/avatar\/2b882a21216b34ba28e79730eea9356b725e9a0bf9885ae3bedd792ae606fb10?s=96&d=mm&r=g","url":"https:\/\/secure.gravatar.com\/avatar\/2b882a21216b34ba28e79730eea9356b725e9a0bf9885ae3bedd792ae606fb10?s=96&d=mm&r=g","height":96,"width":96}},"publisher":{"@type":"Organization","name":"elgon.cz","logo":{"@type":"ImageObject","@id":"\/logo.png","url":"\/logo.png","width":600,"height":60}},"image":{"@type":"ImageObject","@id":"https:\/\/www.elgon.cz\/wp-content\/uploads\/img_a365231_w1904_t1578223220.png","url":"https:\/\/www.elgon.cz\/wp-content\/uploads\/img_a365231_w1904_t1578223220.png","height":0,"width":0},"url":"https:\/\/www.elgon.cz\/kam-si-sedneme\/","about":["V\u00fdrobky"],"wordCount":440,"articleBody":"      Ano, nen\u00ed rozhodn\u011b jedno, kam si sedneme, ale nemus\u00ed to b\u00fdt jenom a nutn\u011b na klasick\u00e9 sedac\u00ed z\u00e1le\u017eitosti! Necht\u011bli byste zm\u011bnu, necht\u011bli byste vpustit kone\u010dn\u011b trochu sv\u011b\u017e\u00edho v\u011btru do interi\u00e9ru? Necht\u011bli byste \u017e\u00edt barevn\u011b a tak n\u011bjak jinak? M\u00e1te skv\u011blou p\u0159\u00edle\u017eitost d\u00edky modern\u00edm kousk\u016fm, kter\u00e9 pr\u00e1v\u011b te\u010f p\u0159edstavujeme. Sedac\u00ed vaky levn\u011b, to je to prav\u00e9 o\u0159echov\u00e9, to je to, co jste dlouho hledali a kone\u010dn\u011b na\u0161li. Za p\u00e1r korun po\u0159\u00edd\u00edte kvalitn\u00ed sezen\u00ed nejen pro sebe, ale pro celou rodinu i pro hosty. Ale to neznamen\u00e1, \u017ee sedac\u00ed pytle mus\u00edte nutn\u011b pou\u017e\u00edvat pouze a jenom doma! Kdekoli, kde je pot\u0159eba lidem, \u010di d\u011btem zajistit m\u00edsto k odpo\u010dinku, nebo ke hran\u00ed, se skv\u011ble hod\u00ed a dokonale vypln\u00ed ka\u017ed\u00fd neatraktivn\u00ed kout.   Hlavn\u011b barevn\u011b! M\u00e1te interi\u00e9r vylad\u011bn\u00fd do ur\u010dit\u00e9 barvy, do ur\u010dit\u00e9ho barevn\u00e9ho t\u00f3nu? V po\u0159\u00e1dku, v\u011bt\u0161ina z n\u00e1s m\u00e1 r\u00e1da harmonii a soulad v mnoha sm\u011brech. Na\u0161e vaky V\u00e1m p\u0159inesou mnoho barevn\u00fdch variant a kombinac\u00ed, co jdou skv\u011ble ladit nap\u0159\u00edklad ji\u017e s pou\u017eit\u00fdm n\u00e1bytkov\u00fdm vybaven\u00edm. Jsou lehce p\u0159enosn\u00e9, m\u016f\u017eete je vyu\u017e\u00edvat, jak v dom\u00e1c\u00edm prost\u0159ed\u00ed, tak kdykoli vz\u00edt i na venkovn\u00ed \u00fa\u010dely. Pr\u00e1v\u011b d\u00edky lehkosti a snadn\u00e9 manipulaci se budou l\u00edbit hlavn\u011b d\u011btem. Jsou pe\u010dliv\u011b vyroben\u00e9 a opravdu forteln\u011b zhotoven\u00e9, tak\u017ee ani ob\u010dasn\u00e9 d\u011btsk\u00e9 ne\u0161etrn\u00e9 zach\u00e1zen\u00ed, bez probl\u00e9m\u016f vydr\u017e\u00ed. Polo\u017ete ka\u017ed\u00fd den unaven\u00e9 t\u011blo do m\u011bkk\u00e9ho n\u00e1ru\u010d\u00ed m\u011bkou\u010dk\u00e9ho k\u0159es\u00edlka, nau\u010dte se relaxovat a pohodln\u011b odpo\u010d\u00edvat!  Budete p\u0159ekvapeni, kolik mo\u017enost\u00ed a komfortu V\u00e1m p\u0159iprav\u00ed a poskytnout pr\u00e1v\u011b sedac\u00ed pytle. A\u017e doposud jste vyu\u017e\u00edvali pouze a jenom k\u0159eslo, nebo sedac\u00ed soupravu? Tu si, ale na terasu jen t\u011b\u017eko odnesete, \u017ee? Tu si jen t\u011b\u017eko vezmete do baz\u00e9nu? Ano, sly\u0161\u00edte spr\u00e1vn\u011b do baz\u00e9nu. Pytle jsou uzp\u016fsoben\u00e9 i k vodn\u00edm radov\u00e1nk\u00e1m, beze strachu, \u017ee by se obsah vysypal do vody! Jste p\u0159ekvapeni, kolik mo\u017enost\u00ed a vyu\u017eit\u00ed pytle maj\u00ed? A to je\u0161t\u011b nev\u00edte, \u017ee je dod\u00e1v\u00e1me za bezkonkuren\u010dn\u011b n\u00edzk\u00e9 ceny! Tak\u017ee rychle sedn\u011bte k po\u010d\u00edta\u010di a objednejte pohodln\u00fd dopln\u011bk pro relaxaci a osobn\u00ed pohodl\u00ed!                                                                                                                                                                                                                                                                                                                                                                                         4\/5 - (1 vote)        "},{"@context":"https:\/\/schema.org\/","@type":"BreadcrumbList","itemListElement":[{"@type":"ListItem","position":1,"name":"Kam si sedneme?","item":"https:\/\/www.elgon.cz\/kam-si-sedneme\/#breadcrumbitem"}]}]