[{"@context":"https:\/\/schema.org\/","@type":"Article","@id":"https:\/\/www.elgon.cz\/obyvaci-pokoj-ve-stylu-provence\/#Article","mainEntityOfPage":"https:\/\/www.elgon.cz\/obyvaci-pokoj-ve-stylu-provence\/","headline":"Ob\u00fdvac\u00ed pokoj ve stylu Provence","name":"Ob\u00fdvac\u00ed pokoj ve stylu Provence","description":"Ob\u00fdvac\u00ed pokoj je pro v\u011bt\u0161inu z n\u00e1s m\u00edstem k setk\u00e1v\u00e1n\u00ed, oddechu a spole\u010dn\u00e9mu tr\u00e1ven\u00ed voln\u00e9ho \u010dasu. Z\u00e1rove\u0148 je to jeden z m\u00e1la prostor\u016f v na\u0161em interi\u00e9ru, kter\u00fd d\u00e1v\u00e1me na odiv p\u0159\u00edpadn\u00fdm n\u00e1v\u0161t\u011bv\u00e1m. I z tohoto d\u016fvodu mu p\u0159i za\u0159izov\u00e1n\u00ed v\u011bnujeme pat\u0159i\u010dnou pozornost. Je v\u00e1m sympatick\u00fd provens\u00e1lsk\u00fd styl, pro\u010d se j\u00edm neobklopovat doslova na ka\u017ed\u00e9m kroku? [&hellip;]","datePublished":"2021-07-09","dateModified":"2023-12-05","author":{"@type":"Person","@id":"https:\/\/www.elgon.cz\/author\/devene\/#Person","name":"devene","url":"https:\/\/www.elgon.cz\/author\/devene\/","identifier":1,"image":{"@type":"ImageObject","@id":"https:\/\/secure.gravatar.com\/avatar\/2b882a21216b34ba28e79730eea9356b725e9a0bf9885ae3bedd792ae606fb10?s=96&d=mm&r=g","url":"https:\/\/secure.gravatar.com\/avatar\/2b882a21216b34ba28e79730eea9356b725e9a0bf9885ae3bedd792ae606fb10?s=96&d=mm&r=g","height":96,"width":96}},"publisher":{"@type":"Organization","name":"elgon.cz","logo":{"@type":"ImageObject","@id":"\/logo.png","url":"\/logo.png","width":600,"height":60}},"image":{"@type":"ImageObject","@id":"https:\/\/www.elgon.cz\/wp-content\/uploads\/6405-cl153-aba01ne14-ct0504-1500x1500_1.jpg","url":"https:\/\/www.elgon.cz\/wp-content\/uploads\/6405-cl153-aba01ne14-ct0504-1500x1500_1.jpg","height":0,"width":0},"url":"https:\/\/www.elgon.cz\/obyvaci-pokoj-ve-stylu-provence\/","about":["V\u00fdrobky"],"wordCount":397,"articleBody":"     Ob\u00fdvac\u00ed pokoj je pro v\u011bt\u0161inu z n\u00e1s m\u00edstem k setk\u00e1v\u00e1n\u00ed, oddechu a spole\u010dn\u00e9mu tr\u00e1ven\u00ed voln\u00e9ho \u010dasu. Z\u00e1rove\u0148 je to jeden z m\u00e1la prostor\u016f v na\u0161em interi\u00e9ru, kter\u00fd d\u00e1v\u00e1me na odiv p\u0159\u00edpadn\u00fdm n\u00e1v\u0161t\u011bv\u00e1m. I z tohoto d\u016fvodu mu p\u0159i za\u0159izov\u00e1n\u00ed v\u011bnujeme pat\u0159i\u010dnou pozornost. Je v\u00e1m sympatick\u00fd provens\u00e1lsk\u00fd styl, pro\u010d se j\u00edm neobklopovat doslova na ka\u017ed\u00e9m kroku? Provence styl je hlavn\u011b o p\u0159\u00edrodn\u00edch materi\u00e1lech, kter\u00fdm v\u00e9vod\u00ed d\u0159evo, kov \u010di keramika. A\u0165 u\u017e se rozhodnete jim vtisknout podobu podlahy, n\u00e1bytku nebo dekorac\u00ed, do zna\u010dn\u00e9 m\u00edry v\u00e1m pomohu k utvo\u0159en\u00ed Provence stylu. Skv\u011ble se k dotvo\u0159en\u00ed budou hodit i tematick\u00e1 osv\u011btlen\u00ed, kter\u00e1 budou korespondovat s celkov\u00fdm vzhledem interi\u00e9ru. Mezi takov\u00e9 pat\u0159\u00ed t\u0159eba lustr provence. Z\u00e1kladn\u00ed prvky by v tomto stylu m\u011bly m\u00edt pouze neutr\u00e1ln\u00ed barvy. Ov\u0161em dopln\u011bn\u00e9 o v\u00fdrazn\u011bj\u0161\u00ed barvy v podob\u011b levandulov\u00e9, fialkov\u00e9 \u010di blankytn\u011b modr\u00e9, kterou m\u016f\u017eeme v jihov\u00fdchodn\u00ed Francii obdivovat prim\u00e1rn\u011b na d\u0159ev\u011bn\u00fdch okenic\u00edch, kter\u00e9 jsou pro tuto oblast tolik typick\u00e9. Samoz\u0159ejm\u011b u n\u00e1s by tento prvek p\u016fsobil jako k\u00fd\u010d, inspirovat se proto m\u016f\u017eete alespo\u0148 barvou. Pro provens\u00e1lsk\u00fd styl je tolik typick\u00fd kv\u011btinov\u00fd vzor, kter\u00fd se objevuje na l\u016f\u017ekovin\u00e1ch, pl\u00e9dech, z\u00e1v\u011bsech nebo koberci. V\u017edy\u0165 jeho hlavn\u00ed dom\u00e9nou je \u00fatulnost a romantick\u00e1 atmosf\u00e9ra, kterou je\u0161t\u011b umocn\u00ed pl\u00e1polaj\u00edc\u00ed ohe\u0148 v krbu. Pokud je tedy ve va\u0161ich finan\u010dn\u00edch i dispozi\u010dn\u00edch mo\u017enostech si krb v ob\u00fdvac\u00edm pokoji um\u00edstit, rozhodn\u011b nev\u00e1hejte ani chv\u00edli. Nic toti\u017e neumocn\u00ed pocit z francouzsk\u00e9ho venkova natolik, jako pr\u00e1v\u011b pl\u00e1polaj\u00edc\u00ed ohe\u0148. Francouzsk\u00fd venkov je velmi vst\u0159\u00edcn\u00fd a i z tohoto d\u016fvodu je zde kladen velk\u00fd d\u016fraz na setk\u00e1v\u00e1n\u00ed. Velk\u00e1 sedac\u00ed souprava spole\u010dn\u011b s pohodln\u00fdmi k\u0159esly tak tvo\u0159\u00ed skute\u010dn\u00fd z\u00e1klad ob\u00fdvac\u00edho pokoje v provens\u00e1lsk\u00e9m stylu. Barevn\u00e9 lad\u011bn\u00ed pohovky se nab\u00edz\u00ed v kr\u00e9mov\u00fdch barv\u00e1ch \u010di tolik obl\u00edben\u00e9m kv\u011btinov\u00e9m vzoru.                                                                                                                                                                                                                                                                                                                                                                                                  "},{"@context":"https:\/\/schema.org\/","@type":"BreadcrumbList","itemListElement":[{"@type":"ListItem","position":1,"name":"Ob\u00fdvac\u00ed pokoj ve stylu Provence","item":"https:\/\/www.elgon.cz\/obyvaci-pokoj-ve-stylu-provence\/#breadcrumbitem"}]}]